{"id":269,"date":"2023-09-19T20:54:23","date_gmt":"2023-09-19T19:54:23","guid":{"rendered":"https:\/\/fwk-amstetten.de\/wordpress\/?p=269"},"modified":"2023-09-19T20:54:23","modified_gmt":"2023-09-19T19:54:23","slug":"50-albmusikertreffen-in-amstetten","status":"publish","type":"post","link":"https:\/\/fwk-amstetten.de\/wordpress\/?p=269","title":{"rendered":"50. Albmusikertreffen in Amstetten"},"content":{"rendered":"\n<p>Das 50. Albmusikertreffen findet 2023 in Amstetten statt. Wir freuen uns darauf euch am 07.10.2023 bei uns in der Aurainhalle in Amstetten begr\u00fc\u00dfen zu d\u00fcrfen.<br>Ab 18 Uhr geht es los mit leckerem Essen, ab 19 Uhr unterhalten euch 8 hervorragende Musikvereine aus dem Albmusikerring.<br>Save the date!<\/p>\n\n\n\n<figure class=\"wp-block-image size-large\"><img loading=\"lazy\" decoding=\"async\" width=\"1024\" height=\"1024\" src=\"https:\/\/fwk-amstetten.de\/wordpress\/wp-content\/uploads\/2023\/09\/370404278_706222184895474_5605462461753340052_n-1024x1024.jpg\" alt=\"\" class=\"wp-image-270\" srcset=\"https:\/\/fwk-amstetten.de\/wordpress\/wp-content\/uploads\/2023\/09\/370404278_706222184895474_5605462461753340052_n-1024x1024.jpg 1024w, https:\/\/fwk-amstetten.de\/wordpress\/wp-content\/uploads\/2023\/09\/370404278_706222184895474_5605462461753340052_n-300x300.jpg 300w, https:\/\/fwk-amstetten.de\/wordpress\/wp-content\/uploads\/2023\/09\/370404278_706222184895474_5605462461753340052_n-150x150.jpg 150w, https:\/\/fwk-amstetten.de\/wordpress\/wp-content\/uploads\/2023\/09\/370404278_706222184895474_5605462461753340052_n-768x768.jpg 768w, https:\/\/fwk-amstetten.de\/wordpress\/wp-content\/uploads\/2023\/09\/370404278_706222184895474_5605462461753340052_n.jpg 1080w\" sizes=\"auto, (max-width: 1024px) 100vw, 1024px\" \/><\/figure>\n","protected":false},"excerpt":{"rendered":"<p>Das 50. Albmusikertreffen findet 2023 in Amstetten statt. Wir freuen uns darauf euch am 07.10.2023 bei uns in der Aurainhalle in Amstetten begr\u00fc\u00dfen zu d\u00fcrfen.Ab 18 Uhr geht es los mit leckerem Essen, ab 19 Uhr unterhalten euch 8 hervorragende Musikvereine aus dem Albmusikerring.Save the date!<\/p>\n","protected":false},"author":1,"featured_media":0,"comment_status":"closed","ping_status":"closed","sticky":false,"template":"","format":"standard","meta":{"footnotes":""},"categories":[1],"tags":[],"class_list":["post-269","post","type-post","status-publish","format-standard","hentry","category-uncategorized"],"_links":{"self":[{"href":"https:\/\/fwk-amstetten.de\/wordpress\/index.php?rest_route=\/wp\/v2\/posts\/269","targetHints":{"allow":["GET"]}}],"collection":[{"href":"https:\/\/fwk-amstetten.de\/wordpress\/index.php?rest_route=\/wp\/v2\/posts"}],"about":[{"href":"https:\/\/fwk-amstetten.de\/wordpress\/index.php?rest_route=\/wp\/v2\/types\/post"}],"author":[{"embeddable":true,"href":"https:\/\/fwk-amstetten.de\/wordpress\/index.php?rest_route=\/wp\/v2\/users\/1"}],"replies":[{"embeddable":true,"href":"https:\/\/fwk-amstetten.de\/wordpress\/index.php?rest_route=%2Fwp%2Fv2%2Fcomments&post=269"}],"version-history":[{"count":1,"href":"https:\/\/fwk-amstetten.de\/wordpress\/index.php?rest_route=\/wp\/v2\/posts\/269\/revisions"}],"predecessor-version":[{"id":271,"href":"https:\/\/fwk-amstetten.de\/wordpress\/index.php?rest_route=\/wp\/v2\/posts\/269\/revisions\/271"}],"wp:attachment":[{"href":"https:\/\/fwk-amstetten.de\/wordpress\/index.php?rest_route=%2Fwp%2Fv2%2Fmedia&parent=269"}],"wp:term":[{"taxonomy":"category","embeddable":true,"href":"https:\/\/fwk-amstetten.de\/wordpress\/index.php?rest_route=%2Fwp%2Fv2%2Fcategories&post=269"},{"taxonomy":"post_tag","embeddable":true,"href":"https:\/\/fwk-amstetten.de\/wordpress\/index.php?rest_route=%2Fwp%2Fv2%2Ftags&post=269"}],"curies":[{"name":"wp","href":"https:\/\/api.w.org\/{rel}","templated":true}]}}