{"id":259,"date":"2023-03-19T12:46:34","date_gmt":"2023-03-19T11:46:34","guid":{"rendered":"https:\/\/fwk-amstetten.de\/wordpress\/?p=259"},"modified":"2023-03-19T12:46:34","modified_gmt":"2023-03-19T11:46:34","slug":"fruehjahreskonzert-2023","status":"publish","type":"post","link":"https:\/\/fwk-amstetten.de\/wordpress\/?p=259","title":{"rendered":"Fr\u00fchjahreskonzert 2023"},"content":{"rendered":"\n<figure class=\"wp-block-image size-large\"><img loading=\"lazy\" decoding=\"async\" width=\"731\" height=\"1024\" src=\"https:\/\/fwk-amstetten.de\/wordpress\/wp-content\/uploads\/2023\/03\/Fruehjahr_2023-731x1024.jpg\" alt=\"\" class=\"wp-image-260\" srcset=\"https:\/\/fwk-amstetten.de\/wordpress\/wp-content\/uploads\/2023\/03\/Fruehjahr_2023-731x1024.jpg 731w, https:\/\/fwk-amstetten.de\/wordpress\/wp-content\/uploads\/2023\/03\/Fruehjahr_2023-214x300.jpg 214w, https:\/\/fwk-amstetten.de\/wordpress\/wp-content\/uploads\/2023\/03\/Fruehjahr_2023-768x1075.jpg 768w, https:\/\/fwk-amstetten.de\/wordpress\/wp-content\/uploads\/2023\/03\/Fruehjahr_2023-1097x1536.jpg 1097w, https:\/\/fwk-amstetten.de\/wordpress\/wp-content\/uploads\/2023\/03\/Fruehjahr_2023-1463x2048.jpg 1463w, https:\/\/fwk-amstetten.de\/wordpress\/wp-content\/uploads\/2023\/03\/Fruehjahr_2023-scaled.jpg 1829w\" sizes=\"auto, (max-width: 731px) 100vw, 731px\" \/><\/figure>\n\n\n\n<p>Wir laden Euch ein zu unserem diesj\u00e4hrigen Fr\u00fchjahreskonzert <img loading=\"lazy\" decoding=\"async\" width=\"16\" height=\"16\" src=\"https:\/\/static.xx.fbcdn.net\/images\/emoji.php\/v9\/ta0\/1\/16\/1f3b7.png\" alt=\"&#x1f3b7;\"><img loading=\"lazy\" decoding=\"async\" width=\"16\" height=\"16\" src=\"https:\/\/static.xx.fbcdn.net\/images\/emoji.php\/v9\/tca\/1\/16\/1f3ba.png\" alt=\"&#x1f3ba;\"><img loading=\"lazy\" decoding=\"async\" width=\"16\" height=\"16\" src=\"https:\/\/static.xx.fbcdn.net\/images\/emoji.php\/v9\/t1f\/1\/16\/1f3b6.png\" alt=\"&#x1f3b6;\"> Kommt vorbei und genie\u00dft einen musikalischen Abend. Wir freuen uns auf euch!<img loading=\"lazy\" decoding=\"async\" width=\"16\" height=\"16\" src=\"https:\/\/static.xx.fbcdn.net\/images\/emoji.php\/v9\/t6d\/1\/16\/1f973.png\" alt=\"&#x1f973;\"><img loading=\"lazy\" decoding=\"async\" width=\"16\" height=\"16\" src=\"https:\/\/static.xx.fbcdn.net\/images\/emoji.php\/v9\/t1f\/1\/16\/1f3b6.png\" alt=\"&#x1f3b6;\"><\/p>\n","protected":false},"excerpt":{"rendered":"<p>Wir laden Euch ein zu unserem diesj\u00e4hrigen Fr\u00fchjahreskonzert Kommt vorbei und genie\u00dft einen musikalischen Abend. Wir freuen uns auf euch!<\/p>\n","protected":false},"author":1,"featured_media":0,"comment_status":"closed","ping_status":"closed","sticky":false,"template":"","format":"standard","meta":{"footnotes":""},"categories":[1],"tags":[],"class_list":["post-259","post","type-post","status-publish","format-standard","hentry","category-uncategorized"],"_links":{"self":[{"href":"https:\/\/fwk-amstetten.de\/wordpress\/index.php?rest_route=\/wp\/v2\/posts\/259","targetHints":{"allow":["GET"]}}],"collection":[{"href":"https:\/\/fwk-amstetten.de\/wordpress\/index.php?rest_route=\/wp\/v2\/posts"}],"about":[{"href":"https:\/\/fwk-amstetten.de\/wordpress\/index.php?rest_route=\/wp\/v2\/types\/post"}],"author":[{"embeddable":true,"href":"https:\/\/fwk-amstetten.de\/wordpress\/index.php?rest_route=\/wp\/v2\/users\/1"}],"replies":[{"embeddable":true,"href":"https:\/\/fwk-amstetten.de\/wordpress\/index.php?rest_route=%2Fwp%2Fv2%2Fcomments&post=259"}],"version-history":[{"count":1,"href":"https:\/\/fwk-amstetten.de\/wordpress\/index.php?rest_route=\/wp\/v2\/posts\/259\/revisions"}],"predecessor-version":[{"id":261,"href":"https:\/\/fwk-amstetten.de\/wordpress\/index.php?rest_route=\/wp\/v2\/posts\/259\/revisions\/261"}],"wp:attachment":[{"href":"https:\/\/fwk-amstetten.de\/wordpress\/index.php?rest_route=%2Fwp%2Fv2%2Fmedia&parent=259"}],"wp:term":[{"taxonomy":"category","embeddable":true,"href":"https:\/\/fwk-amstetten.de\/wordpress\/index.php?rest_route=%2Fwp%2Fv2%2Fcategories&post=259"},{"taxonomy":"post_tag","embeddable":true,"href":"https:\/\/fwk-amstetten.de\/wordpress\/index.php?rest_route=%2Fwp%2Fv2%2Ftags&post=259"}],"curies":[{"name":"wp","href":"https:\/\/api.w.org\/{rel}","templated":true}]}}