{"id":208,"date":"2019-12-25T13:30:43","date_gmt":"2019-12-25T12:30:43","guid":{"rendered":"http:\/\/fwk-amstetten.de\/wordpress\/?p=208"},"modified":"2019-12-25T13:30:43","modified_gmt":"2019-12-25T12:30:43","slug":"albmusikertreffen-2019-in-nellingen","status":"publish","type":"post","link":"https:\/\/fwk-amstetten.de\/wordpress\/?p=208","title":{"rendered":"Albmusikertreffen 2019 in Nellingen"},"content":{"rendered":"\n<p>Vergangenen Samstag, den 28.09.2019, fand das allj\u00e4hrliche  Albmusikertreffen statt. Dieses Jahr waren wir zu Gast bei unseren  Musikkameraden des Musikvereins Nellingen. Gemeinsam mit acht weiteren  Musikvereinen verbrachten wir einen sch\u00f6nen Abend in der Sporthalle in  Nellingen. Zu Beginn der Veranstaltung trafen sich alle Musikvereine vor  der Halle, um dort den Gesamtchor zu zelebrieren. Mit den M\u00e4rschen \u201eVon  der Alb zur Donau\u201c, \u201eFreundschaftskl\u00e4nge\u201c  und dem \u201eDeutschlandlied\u201c sorgten die Musiker f\u00fcr den perfekten Start  in den Abend mit G\u00e4nsehaut. Im weiteren Verlauf des Abends pr\u00e4sentierten  sich die Musikvereine mit einer bunt gemischten Musikauswahl, welche  von den Musikkameraden mit Applaus und stehenden Ovationen gefeiert  wurden. Als weiterer Programmpunkt stand Ma\u00dfkrug stemmen auf dem Plan,  bei dem sich jeder Musikverein durch einen Vertreter unter Beweis  stellte. Den gelungenen Abschluss stellte im Anschluss der Besuch in der  Bar.<br>Wir bedanken uns bei unseren Musikkameraden des Musikvereins Nellingen  und freuen uns auf das Albmusikertreffen 2020!<\/p>\n\n\n\n<figure class=\"wp-block-image size-large\"><img loading=\"lazy\" decoding=\"async\" width=\"960\" height=\"720\" src=\"https:\/\/fwk-amstetten.de\/wordpress\/wp-content\/uploads\/2019\/12\/72039238_1397781470378164_2034677951173230592_o.jpg\" alt=\"\" class=\"wp-image-209\" srcset=\"https:\/\/fwk-amstetten.de\/wordpress\/wp-content\/uploads\/2019\/12\/72039238_1397781470378164_2034677951173230592_o.jpg 960w, https:\/\/fwk-amstetten.de\/wordpress\/wp-content\/uploads\/2019\/12\/72039238_1397781470378164_2034677951173230592_o-300x225.jpg 300w, https:\/\/fwk-amstetten.de\/wordpress\/wp-content\/uploads\/2019\/12\/72039238_1397781470378164_2034677951173230592_o-768x576.jpg 768w\" sizes=\"auto, (max-width: 960px) 100vw, 960px\" \/><\/figure>\n","protected":false},"excerpt":{"rendered":"<p>Vergangenen Samstag, den 28.09.2019, fand das allj\u00e4hrliche Albmusikertreffen statt. Dieses Jahr waren wir zu Gast bei unseren Musikkameraden des Musikvereins Nellingen. Gemeinsam mit acht weiteren Musikvereinen verbrachten wir einen sch\u00f6nen Abend in der Sporthalle in Nellingen. Zu Beginn der Veranstaltung trafen sich alle Musikvereine vor der Halle, um dort den Gesamtchor zu zelebrieren. Mit den &hellip; <a href=\"https:\/\/fwk-amstetten.de\/wordpress\/?p=208\" class=\"more-link\"><span class=\"screen-reader-text\">Albmusikertreffen 2019 in Nellingen<\/span> weiterlesen<\/a><\/p>\n","protected":false},"author":1,"featured_media":0,"comment_status":"closed","ping_status":"closed","sticky":false,"template":"","format":"standard","meta":{"footnotes":""},"categories":[1],"tags":[],"class_list":["post-208","post","type-post","status-publish","format-standard","hentry","category-uncategorized"],"_links":{"self":[{"href":"https:\/\/fwk-amstetten.de\/wordpress\/index.php?rest_route=\/wp\/v2\/posts\/208","targetHints":{"allow":["GET"]}}],"collection":[{"href":"https:\/\/fwk-amstetten.de\/wordpress\/index.php?rest_route=\/wp\/v2\/posts"}],"about":[{"href":"https:\/\/fwk-amstetten.de\/wordpress\/index.php?rest_route=\/wp\/v2\/types\/post"}],"author":[{"embeddable":true,"href":"https:\/\/fwk-amstetten.de\/wordpress\/index.php?rest_route=\/wp\/v2\/users\/1"}],"replies":[{"embeddable":true,"href":"https:\/\/fwk-amstetten.de\/wordpress\/index.php?rest_route=%2Fwp%2Fv2%2Fcomments&post=208"}],"version-history":[{"count":1,"href":"https:\/\/fwk-amstetten.de\/wordpress\/index.php?rest_route=\/wp\/v2\/posts\/208\/revisions"}],"predecessor-version":[{"id":210,"href":"https:\/\/fwk-amstetten.de\/wordpress\/index.php?rest_route=\/wp\/v2\/posts\/208\/revisions\/210"}],"wp:attachment":[{"href":"https:\/\/fwk-amstetten.de\/wordpress\/index.php?rest_route=%2Fwp%2Fv2%2Fmedia&parent=208"}],"wp:term":[{"taxonomy":"category","embeddable":true,"href":"https:\/\/fwk-amstetten.de\/wordpress\/index.php?rest_route=%2Fwp%2Fv2%2Fcategories&post=208"},{"taxonomy":"post_tag","embeddable":true,"href":"https:\/\/fwk-amstetten.de\/wordpress\/index.php?rest_route=%2Fwp%2Fv2%2Ftags&post=208"}],"curies":[{"name":"wp","href":"https:\/\/api.w.org\/{rel}","templated":true}]}}