{"id":159,"date":"2018-12-02T12:48:50","date_gmt":"2018-12-02T11:48:50","guid":{"rendered":"http:\/\/fwk-amstetten.de\/wordpress\/?p=159"},"modified":"2018-12-02T13:32:07","modified_gmt":"2018-12-02T12:32:07","slug":"1-amstetter-gluehweinfest","status":"publish","type":"post","link":"https:\/\/fwk-amstetten.de\/wordpress\/?p=159","title":{"rendered":"1. Amstetter Gl\u00fchweinfest"},"content":{"rendered":"<p><img loading=\"lazy\" decoding=\"async\" class=\" wp-image-162 alignleft\" src=\"https:\/\/fwk-amstetten.de\/wordpress\/wp-content\/uploads\/2018\/12\/Plakat_Gl\u00fchwein_2018.jpg\" alt=\"\" width=\"773\" height=\"1094\" srcset=\"https:\/\/fwk-amstetten.de\/wordpress\/wp-content\/uploads\/2018\/12\/Plakat_Gl\u00fchwein_2018.jpg 595w, https:\/\/fwk-amstetten.de\/wordpress\/wp-content\/uploads\/2018\/12\/Plakat_Gl\u00fchwein_2018-212x300.jpg 212w\" sizes=\"auto, (max-width: 773px) 100vw, 773px\" \/><\/p>\n<p>Dieses Jahr haben wir uns f\u00fcr den Dezember und die Vorweihnachtszeit eine kleine Besonderheit \u00fcberlegt: Das 1. Amstetter Gl\u00fchweinfest. Es soll ein ganz zwangloser aber gem\u00fctlicher Abend sein, bei dem der Weihnachtsstress f\u00fcr einen Moment vergessen werden soll und man einfach den Abend genie\u00dfen kann. Dazu laden wir Euch ein am Mittwoch, den 12.12.2018 um 17:30 Uhr ans Rathaus in Amstetten ein. Das Besondere an diesem kleinen Fest ist, dass es dort selbstgemachten Punsch und selbstgemachten Gl\u00fchwein gibt. Den Wein beziehen wir daf\u00fcr aus dem Weingebiet in Ohrnberg. Wir freuen uns auf eine gem\u00fctliche Zeit mit Euch.<\/p>\n","protected":false},"excerpt":{"rendered":"<p>Dieses Jahr haben wir uns f\u00fcr den Dezember und die Vorweihnachtszeit eine kleine Besonderheit \u00fcberlegt: Das 1. Amstetter Gl\u00fchweinfest. Es soll ein ganz zwangloser aber gem\u00fctlicher Abend sein, bei dem der Weihnachtsstress f\u00fcr einen Moment vergessen werden soll und man einfach den Abend genie\u00dfen kann. Dazu laden wir Euch ein am Mittwoch, den 12.12.2018 um &hellip; <a href=\"https:\/\/fwk-amstetten.de\/wordpress\/?p=159\" class=\"more-link\"><span class=\"screen-reader-text\">1. Amstetter Gl\u00fchweinfest<\/span> weiterlesen<\/a><\/p>\n","protected":false},"author":1,"featured_media":0,"comment_status":"closed","ping_status":"closed","sticky":false,"template":"","format":"standard","meta":{"footnotes":""},"categories":[1],"tags":[],"class_list":["post-159","post","type-post","status-publish","format-standard","hentry","category-uncategorized"],"_links":{"self":[{"href":"https:\/\/fwk-amstetten.de\/wordpress\/index.php?rest_route=\/wp\/v2\/posts\/159","targetHints":{"allow":["GET"]}}],"collection":[{"href":"https:\/\/fwk-amstetten.de\/wordpress\/index.php?rest_route=\/wp\/v2\/posts"}],"about":[{"href":"https:\/\/fwk-amstetten.de\/wordpress\/index.php?rest_route=\/wp\/v2\/types\/post"}],"author":[{"embeddable":true,"href":"https:\/\/fwk-amstetten.de\/wordpress\/index.php?rest_route=\/wp\/v2\/users\/1"}],"replies":[{"embeddable":true,"href":"https:\/\/fwk-amstetten.de\/wordpress\/index.php?rest_route=%2Fwp%2Fv2%2Fcomments&post=159"}],"version-history":[{"count":2,"href":"https:\/\/fwk-amstetten.de\/wordpress\/index.php?rest_route=\/wp\/v2\/posts\/159\/revisions"}],"predecessor-version":[{"id":164,"href":"https:\/\/fwk-amstetten.de\/wordpress\/index.php?rest_route=\/wp\/v2\/posts\/159\/revisions\/164"}],"wp:attachment":[{"href":"https:\/\/fwk-amstetten.de\/wordpress\/index.php?rest_route=%2Fwp%2Fv2%2Fmedia&parent=159"}],"wp:term":[{"taxonomy":"category","embeddable":true,"href":"https:\/\/fwk-amstetten.de\/wordpress\/index.php?rest_route=%2Fwp%2Fv2%2Fcategories&post=159"},{"taxonomy":"post_tag","embeddable":true,"href":"https:\/\/fwk-amstetten.de\/wordpress\/index.php?rest_route=%2Fwp%2Fv2%2Ftags&post=159"}],"curies":[{"name":"wp","href":"https:\/\/api.w.org\/{rel}","templated":true}]}}