{"id":157,"date":"2018-12-02T12:46:56","date_gmt":"2018-12-02T11:46:56","guid":{"rendered":"http:\/\/fwk-amstetten.de\/wordpress\/?p=157"},"modified":"2018-12-02T12:46:56","modified_gmt":"2018-12-02T11:46:56","slug":"laternenlauf-mit-der-feuerwehrkapelle-amstetten","status":"publish","type":"post","link":"https:\/\/fwk-amstetten.de\/wordpress\/?p=157","title":{"rendered":"Laternenlauf mit der Feuerwehrkapelle Amstetten"},"content":{"rendered":"<p>Wir war\u00b4n Laterne laufen<br \/>\nGemeinsam mit dem Kindergarten Sandrain trafen wir uns am Sonntag, den 11.11.2018 am Neuhauser Platz. Zahlreiche Teilnehmer versammelten sich dort. Dort versammelt startete der Laternenlauf mit dem Lied \u201eLaterne, Laterne\u201c, welches gesanglich von den Kindern und Eltern und instrumental von uns begleitet wurde. Von dort aus ging der Laternenlauf weiter bis zum Rathaus. Auch dort wurde wieder ein Lied gemeinsam gesungen. Die n\u00e4chsten Haltstationen waren dann die Alte G\u00e4rtnerei, sowie der Distelweg und die Endstation: Das Feuerwehrmagazin. Dort wartete schon Verpflegung in Form von Kaltgetr\u00e4nken, Punsch, Saitenw\u00fcrste, Butterbrezeln und noch mehr. Wir bedanken uns bei allen Teilnehmern f\u00fcr den sch\u00f6nen Laternenlauf und ganz besonders beim Kindergarten Sandrain f\u00fcr ihr Dabeisein.<\/p>\n<p><img decoding=\"async\" class=\"spotlight\" src=\"https:\/\/scontent-frx5-1.xx.fbcdn.net\/v\/t1.0-9\/46459369_1158066907682956_8946359440970350592_n.jpg?_nc_cat=108&amp;_nc_ht=scontent-frx5-1.xx&amp;oh=e85314a8af71091268f042f46a0022f6&amp;oe=5CAEBA74\" alt=\"Bild k\u00f6nnte enthalten: eine oder mehrere Personen, Personen, die stehen, Himmel, Baum, Nacht, Wolken, Menschenmasse und im Freien\" aria-busy=\"false\" \/><\/p>\n","protected":false},"excerpt":{"rendered":"<p>Wir war\u00b4n Laterne laufen Gemeinsam mit dem Kindergarten Sandrain trafen wir uns am Sonntag, den 11.11.2018 am Neuhauser Platz. Zahlreiche Teilnehmer versammelten sich dort. Dort versammelt startete der Laternenlauf mit dem Lied \u201eLaterne, Laterne\u201c, welches gesanglich von den Kindern und Eltern und instrumental von uns begleitet wurde. Von dort aus ging der Laternenlauf weiter bis &hellip; <a href=\"https:\/\/fwk-amstetten.de\/wordpress\/?p=157\" class=\"more-link\"><span class=\"screen-reader-text\">Laternenlauf mit der Feuerwehrkapelle Amstetten<\/span> weiterlesen<\/a><\/p>\n","protected":false},"author":1,"featured_media":0,"comment_status":"closed","ping_status":"closed","sticky":false,"template":"","format":"standard","meta":{"footnotes":""},"categories":[1],"tags":[],"class_list":["post-157","post","type-post","status-publish","format-standard","hentry","category-uncategorized"],"_links":{"self":[{"href":"https:\/\/fwk-amstetten.de\/wordpress\/index.php?rest_route=\/wp\/v2\/posts\/157","targetHints":{"allow":["GET"]}}],"collection":[{"href":"https:\/\/fwk-amstetten.de\/wordpress\/index.php?rest_route=\/wp\/v2\/posts"}],"about":[{"href":"https:\/\/fwk-amstetten.de\/wordpress\/index.php?rest_route=\/wp\/v2\/types\/post"}],"author":[{"embeddable":true,"href":"https:\/\/fwk-amstetten.de\/wordpress\/index.php?rest_route=\/wp\/v2\/users\/1"}],"replies":[{"embeddable":true,"href":"https:\/\/fwk-amstetten.de\/wordpress\/index.php?rest_route=%2Fwp%2Fv2%2Fcomments&post=157"}],"version-history":[{"count":1,"href":"https:\/\/fwk-amstetten.de\/wordpress\/index.php?rest_route=\/wp\/v2\/posts\/157\/revisions"}],"predecessor-version":[{"id":158,"href":"https:\/\/fwk-amstetten.de\/wordpress\/index.php?rest_route=\/wp\/v2\/posts\/157\/revisions\/158"}],"wp:attachment":[{"href":"https:\/\/fwk-amstetten.de\/wordpress\/index.php?rest_route=%2Fwp%2Fv2%2Fmedia&parent=157"}],"wp:term":[{"taxonomy":"category","embeddable":true,"href":"https:\/\/fwk-amstetten.de\/wordpress\/index.php?rest_route=%2Fwp%2Fv2%2Fcategories&post=157"},{"taxonomy":"post_tag","embeddable":true,"href":"https:\/\/fwk-amstetten.de\/wordpress\/index.php?rest_route=%2Fwp%2Fv2%2Ftags&post=157"}],"curies":[{"name":"wp","href":"https:\/\/api.w.org\/{rel}","templated":true}]}}