{"id":155,"date":"2018-12-02T12:44:38","date_gmt":"2018-12-02T11:44:38","guid":{"rendered":"http:\/\/fwk-amstetten.de\/wordpress\/?p=155"},"modified":"2018-12-02T12:44:38","modified_gmt":"2018-12-02T11:44:38","slug":"neueroeffnung-der-bk-bauwelt-gmbh","status":"publish","type":"post","link":"https:\/\/fwk-amstetten.de\/wordpress\/?p=155","title":{"rendered":"Neuer\u00f6ffnung der B&#038;K Bauwelt GmbH"},"content":{"rendered":"<p>Wir sind zur\u00fcck aus der Sommerpause und haben heute die Ehre die Er\u00f6ffnung der <a class=\"profileLink\" href=\"https:\/\/www.facebook.com\/bk.bauwelt\/?__tn__=K-R&amp;eid=ARDnpvl6lWV0ueH33ztttahT0VZksPGzsh5--V8a8WoFrvUXYLHtNAfr8GLjQPtSgJQ2ZXWDD_8-odlL&amp;fref=mentions&amp;__xts__%5B0%5D=68.ARBtSjWY8LV723_YzA63kXKsL6tNa0enq-MhZyRimVnaW9VgA_Nmm9UFnV3ZuvKmtPkKuoUuHpCICMDiLeTxBu93kldUrPXLUlLzHzWv9EMNEMcpg_KhxF9eq_TEY87CFEnnpObtFTbUxG5AMHg7IJT6wda_SKoUPJJ9B-T0mLJUV6fPvSz0ooXuk7o2mil3B3Wa4WD9Ur9W4ekwic6WjIaV3JHPIuKZJw8xJaLuRzxeMXqmhu9h6l-mtyzY_7LCGijUHq9fJRBCh0g_Csmic-iOKe3t0lJcolnO4CbToyrBecu0oIAWUvXh5DueWNMMH37L7fssb0UkRqJGcoYVyw\" data-hovercard=\"\/ajax\/hovercard\/page.php?id=1398021170300462&amp;extragetparams=%7B%22__tn__%22%3A%22%2CdK-R-R%22%2C%22eid%22%3A%22ARDnpvl6lWV0ueH33ztttahT0VZksPGzsh5--V8a8WoFrvUXYLHtNAfr8GLjQPtSgJQ2ZXWDD_8-odlL%22%2C%22fref%22%3A%22mentions%22%7D\" data-hovercard-prefer-more-content-show=\"1\">B &amp; K Bauwelt GmbH<\/a> musikalisch zu umrahmen. Wir sind von 11 Uhr bis 14 Uhr vor Ort mit einer bunt gemischten St\u00fcckauswahl. Also falls ihr noch nichts vor habt oder euch noch ein Mittagessen f\u00fcr heute fehlt, schnappt eure Freunde, Bekannte und Familie ein und schaut vorbei. Wir freuen uns auf euch!<\/p>\n<p><img decoding=\"async\" class=\"spotlight\" src=\"https:\/\/scontent-frx5-1.xx.fbcdn.net\/v\/t1.0-9\/40658714_1108215476001433_8668112548794466304_n.jpg?_nc_cat=109&amp;_nc_ht=scontent-frx5-1.xx&amp;oh=997f7282dbfccf8270c619da53a3ce60&amp;oe=5CA127A5\" alt=\"\" \/><\/p>\n","protected":false},"excerpt":{"rendered":"<p>Wir sind zur\u00fcck aus der Sommerpause und haben heute die Ehre die Er\u00f6ffnung der B &amp; K Bauwelt GmbH musikalisch zu umrahmen. Wir sind von 11 Uhr bis 14 Uhr vor Ort mit einer bunt gemischten St\u00fcckauswahl. Also falls ihr noch nichts vor habt oder euch noch ein Mittagessen f\u00fcr heute fehlt, schnappt eure Freunde, &hellip; <a href=\"https:\/\/fwk-amstetten.de\/wordpress\/?p=155\" class=\"more-link\"><span class=\"screen-reader-text\">Neuer\u00f6ffnung der B&#038;K Bauwelt GmbH<\/span> weiterlesen<\/a><\/p>\n","protected":false},"author":1,"featured_media":0,"comment_status":"closed","ping_status":"closed","sticky":false,"template":"","format":"standard","meta":{"footnotes":""},"categories":[1],"tags":[],"class_list":["post-155","post","type-post","status-publish","format-standard","hentry","category-uncategorized"],"_links":{"self":[{"href":"https:\/\/fwk-amstetten.de\/wordpress\/index.php?rest_route=\/wp\/v2\/posts\/155","targetHints":{"allow":["GET"]}}],"collection":[{"href":"https:\/\/fwk-amstetten.de\/wordpress\/index.php?rest_route=\/wp\/v2\/posts"}],"about":[{"href":"https:\/\/fwk-amstetten.de\/wordpress\/index.php?rest_route=\/wp\/v2\/types\/post"}],"author":[{"embeddable":true,"href":"https:\/\/fwk-amstetten.de\/wordpress\/index.php?rest_route=\/wp\/v2\/users\/1"}],"replies":[{"embeddable":true,"href":"https:\/\/fwk-amstetten.de\/wordpress\/index.php?rest_route=%2Fwp%2Fv2%2Fcomments&post=155"}],"version-history":[{"count":1,"href":"https:\/\/fwk-amstetten.de\/wordpress\/index.php?rest_route=\/wp\/v2\/posts\/155\/revisions"}],"predecessor-version":[{"id":156,"href":"https:\/\/fwk-amstetten.de\/wordpress\/index.php?rest_route=\/wp\/v2\/posts\/155\/revisions\/156"}],"wp:attachment":[{"href":"https:\/\/fwk-amstetten.de\/wordpress\/index.php?rest_route=%2Fwp%2Fv2%2Fmedia&parent=155"}],"wp:term":[{"taxonomy":"category","embeddable":true,"href":"https:\/\/fwk-amstetten.de\/wordpress\/index.php?rest_route=%2Fwp%2Fv2%2Fcategories&post=155"},{"taxonomy":"post_tag","embeddable":true,"href":"https:\/\/fwk-amstetten.de\/wordpress\/index.php?rest_route=%2Fwp%2Fv2%2Ftags&post=155"}],"curies":[{"name":"wp","href":"https:\/\/api.w.org\/{rel}","templated":true}]}}