{"id":152,"date":"2018-12-02T12:41:54","date_gmt":"2018-12-02T11:41:54","guid":{"rendered":"http:\/\/fwk-amstetten.de\/wordpress\/?p=152"},"modified":"2018-12-02T12:41:54","modified_gmt":"2018-12-02T11:41:54","slug":"bayrischer-abend-im-geislinger-biergarten","status":"publish","type":"post","link":"https:\/\/fwk-amstetten.de\/wordpress\/?p=152","title":{"rendered":"Bayrischer Abend im Geislinger Biergarten"},"content":{"rendered":"<p>Ein gelungener bayrischer Abend liegt hinter uns. Gestern, am 25.07.2018, durften wir bei wundersch\u00f6nstem Wetter und zahlreichen Besuchern unsere letzte Probe im Biergarten Stadtpark in Geislingen an der Steige durchf\u00fchren. Schon in manchen Jahren musste der Auftritt aufgrund des schlechten Wetters abgesagt werden, dich gestern war das Wetter auf unserer Seite. Dadurch kamen zahlreiche Besucher und es machte sehr viel Spa\u00df f\u00fcr die musikalische Unterhaltung zu sorgen. Wir bedanken uns beim Geislinger Biergarten im Stadtpark f\u00fcr den reibungslosen Ablauf und die Einladung und nat\u00fcrlich bei allen Besuchern f\u00fcr ihr Kommen.<br \/>\nUnd damit verabschieden wir uns jetzt erst einmal in die Sommerpause.<\/p>\n<p><img decoding=\"async\" class=\"spotlight\" src=\"https:\/\/scontent-frx5-1.xx.fbcdn.net\/v\/t1.0-9\/37825502_1067596770063304_8949535569285742592_n.jpg?_nc_cat=109&amp;_nc_ht=scontent-frx5-1.xx&amp;oh=bf174942e1d2922099f1b4c16906fb9a&amp;oe=5C9FE927\" alt=\"\" \/><\/p>\n","protected":false},"excerpt":{"rendered":"<p>Ein gelungener bayrischer Abend liegt hinter uns. Gestern, am 25.07.2018, durften wir bei wundersch\u00f6nstem Wetter und zahlreichen Besuchern unsere letzte Probe im Biergarten Stadtpark in Geislingen an der Steige durchf\u00fchren. Schon in manchen Jahren musste der Auftritt aufgrund des schlechten Wetters abgesagt werden, dich gestern war das Wetter auf unserer Seite. Dadurch kamen zahlreiche Besucher &hellip; <a href=\"https:\/\/fwk-amstetten.de\/wordpress\/?p=152\" class=\"more-link\"><span class=\"screen-reader-text\">Bayrischer Abend im Geislinger Biergarten<\/span> weiterlesen<\/a><\/p>\n","protected":false},"author":1,"featured_media":0,"comment_status":"closed","ping_status":"closed","sticky":false,"template":"","format":"standard","meta":{"footnotes":""},"categories":[1],"tags":[],"class_list":["post-152","post","type-post","status-publish","format-standard","hentry","category-uncategorized"],"_links":{"self":[{"href":"https:\/\/fwk-amstetten.de\/wordpress\/index.php?rest_route=\/wp\/v2\/posts\/152","targetHints":{"allow":["GET"]}}],"collection":[{"href":"https:\/\/fwk-amstetten.de\/wordpress\/index.php?rest_route=\/wp\/v2\/posts"}],"about":[{"href":"https:\/\/fwk-amstetten.de\/wordpress\/index.php?rest_route=\/wp\/v2\/types\/post"}],"author":[{"embeddable":true,"href":"https:\/\/fwk-amstetten.de\/wordpress\/index.php?rest_route=\/wp\/v2\/users\/1"}],"replies":[{"embeddable":true,"href":"https:\/\/fwk-amstetten.de\/wordpress\/index.php?rest_route=%2Fwp%2Fv2%2Fcomments&post=152"}],"version-history":[{"count":2,"href":"https:\/\/fwk-amstetten.de\/wordpress\/index.php?rest_route=\/wp\/v2\/posts\/152\/revisions"}],"predecessor-version":[{"id":154,"href":"https:\/\/fwk-amstetten.de\/wordpress\/index.php?rest_route=\/wp\/v2\/posts\/152\/revisions\/154"}],"wp:attachment":[{"href":"https:\/\/fwk-amstetten.de\/wordpress\/index.php?rest_route=%2Fwp%2Fv2%2Fmedia&parent=152"}],"wp:term":[{"taxonomy":"category","embeddable":true,"href":"https:\/\/fwk-amstetten.de\/wordpress\/index.php?rest_route=%2Fwp%2Fv2%2Fcategories&post=152"},{"taxonomy":"post_tag","embeddable":true,"href":"https:\/\/fwk-amstetten.de\/wordpress\/index.php?rest_route=%2Fwp%2Fv2%2Ftags&post=152"}],"curies":[{"name":"wp","href":"https:\/\/api.w.org\/{rel}","templated":true}]}}