{"id":131,"date":"2018-06-28T16:58:12","date_gmt":"2018-06-28T15:58:12","guid":{"rendered":"http:\/\/fwk-amstetten.de\/wordpress\/?p=131"},"modified":"2018-06-28T21:16:43","modified_gmt":"2018-06-28T20:16:43","slug":"die-feuerwehrkapelle-amstetten-beim-albmusikertreffen-in-westerstetten","status":"publish","type":"post","link":"https:\/\/fwk-amstetten.de\/wordpress\/?p=131","title":{"rendered":"Die Feuerwehrkapelle Amstetten beim Albmusikertreffen in Westerstetten"},"content":{"rendered":"<p><span class=\"s2\"><span class=\"bumpedFont15\">Die Feuerwehrkapelle Amstetten spielte am\u00a0<\/span><\/span><span class=\"s3\"><span class=\"bumpedFont15\">vergangenen Sonntag, den 24.06.2018, auf dem diesj\u00e4hrigen Albmusikertreffen in Westerstetten. Bereits um 12.30 Uhr trafen die ersten Musiker im Zelt in Westerstetten ein, in dem sie sich dann f\u00fcr den bevorstehenden Umzug vorbereiteten. Dann liefen die Musiker nach und nach in Richtung des alten Bahnhofs, bei dem die einzelnen Gruppen dann ihre Startpl\u00e4tze einnehmen durften. Ein bunt gemischter Umzug erwartete die zahlreichen Besucher, die an diesem Sonntag nach Westerstetten gekommen waren. \u00a0Nachdem alle Gruppen heil und unbeschadet am Zelt ankamen gingen die Musikvereine \u00fcber zum Gesamtchor, welcher durch die Lieder \u201eFreundschaftskl\u00e4nge\u201c, \u201eUnser Schwabenland\u201c und \u201eDeutschlandlied\u201c geziert wurde. Bereits vor Beginn des Gesamtchores hatte sich die Feuerwehrkapelle Amstetten auf der B\u00fchne platziert, um direkt im Anschluss das Nachmittagsprogramm er\u00f6ffnen zu k\u00f6nnen. Mit St\u00fccken wie \u201e<\/span><\/span><span class=\"s3\"><span class=\"bumpedFont15\">Sakvicka<\/span><\/span><span class=\"s3\"><span class=\"bumpedFont15\"> Polka\u201c, \u201eWachtel Polka\u201c, \u201ePolka Nr. 37\u201c und dem \u201eAlten Kameraden Swing\u201c gl\u00e4nzte die Feuerwehrkapelle und be<\/span><\/span><a name=\"_GoBack\"><\/a><span class=\"s3\"><span class=\"bumpedFont15\">geisterte die zahlreichen Festbesucher. Alles in Allem ein toller Tag und ein gro\u00dfes Dankesch\u00f6n an die Veranstalter in Westerstetten.<\/span><\/span><\/p>\n<p><img loading=\"lazy\" decoding=\"async\" class=\"alignleft size-large wp-image-138\" src=\"https:\/\/fwk-amstetten.de\/wordpress\/wp-content\/uploads\/2018\/06\/E13400D0-7A29-41A9-9007-B68FE3BB2917-768x1024.jpeg\" alt=\"\" width=\"660\" height=\"880\" srcset=\"https:\/\/fwk-amstetten.de\/wordpress\/wp-content\/uploads\/2018\/06\/E13400D0-7A29-41A9-9007-B68FE3BB2917-768x1024.jpeg 768w, https:\/\/fwk-amstetten.de\/wordpress\/wp-content\/uploads\/2018\/06\/E13400D0-7A29-41A9-9007-B68FE3BB2917-225x300.jpeg 225w, https:\/\/fwk-amstetten.de\/wordpress\/wp-content\/uploads\/2018\/06\/E13400D0-7A29-41A9-9007-B68FE3BB2917.jpeg 1200w\" sizes=\"auto, (max-width: 660px) 100vw, 660px\" \/><\/p>\n","protected":false},"excerpt":{"rendered":"<p>Die Feuerwehrkapelle Amstetten spielte am\u00a0vergangenen Sonntag, den 24.06.2018, auf dem diesj\u00e4hrigen Albmusikertreffen in Westerstetten. Bereits um 12.30 Uhr trafen die ersten Musiker im Zelt in Westerstetten ein, in dem sie sich dann f\u00fcr den bevorstehenden Umzug vorbereiteten. Dann liefen die Musiker nach und nach in Richtung des alten Bahnhofs, bei dem die einzelnen Gruppen dann &hellip; <a href=\"https:\/\/fwk-amstetten.de\/wordpress\/?p=131\" class=\"more-link\"><span class=\"screen-reader-text\">Die Feuerwehrkapelle Amstetten beim Albmusikertreffen in Westerstetten<\/span> weiterlesen<\/a><\/p>\n","protected":false},"author":1,"featured_media":0,"comment_status":"closed","ping_status":"closed","sticky":false,"template":"","format":"standard","meta":{"footnotes":""},"categories":[1],"tags":[],"class_list":["post-131","post","type-post","status-publish","format-standard","hentry","category-uncategorized"],"_links":{"self":[{"href":"https:\/\/fwk-amstetten.de\/wordpress\/index.php?rest_route=\/wp\/v2\/posts\/131","targetHints":{"allow":["GET"]}}],"collection":[{"href":"https:\/\/fwk-amstetten.de\/wordpress\/index.php?rest_route=\/wp\/v2\/posts"}],"about":[{"href":"https:\/\/fwk-amstetten.de\/wordpress\/index.php?rest_route=\/wp\/v2\/types\/post"}],"author":[{"embeddable":true,"href":"https:\/\/fwk-amstetten.de\/wordpress\/index.php?rest_route=\/wp\/v2\/users\/1"}],"replies":[{"embeddable":true,"href":"https:\/\/fwk-amstetten.de\/wordpress\/index.php?rest_route=%2Fwp%2Fv2%2Fcomments&post=131"}],"version-history":[{"count":3,"href":"https:\/\/fwk-amstetten.de\/wordpress\/index.php?rest_route=\/wp\/v2\/posts\/131\/revisions"}],"predecessor-version":[{"id":140,"href":"https:\/\/fwk-amstetten.de\/wordpress\/index.php?rest_route=\/wp\/v2\/posts\/131\/revisions\/140"}],"wp:attachment":[{"href":"https:\/\/fwk-amstetten.de\/wordpress\/index.php?rest_route=%2Fwp%2Fv2%2Fmedia&parent=131"}],"wp:term":[{"taxonomy":"category","embeddable":true,"href":"https:\/\/fwk-amstetten.de\/wordpress\/index.php?rest_route=%2Fwp%2Fv2%2Fcategories&post=131"},{"taxonomy":"post_tag","embeddable":true,"href":"https:\/\/fwk-amstetten.de\/wordpress\/index.php?rest_route=%2Fwp%2Fv2%2Ftags&post=131"}],"curies":[{"name":"wp","href":"https:\/\/api.w.org\/{rel}","templated":true}]}}