{"id":128,"date":"2018-06-28T16:56:03","date_gmt":"2018-06-28T15:56:03","guid":{"rendered":"http:\/\/fwk-amstetten.de\/wordpress\/?p=128"},"modified":"2018-06-28T21:12:49","modified_gmt":"2018-06-28T20:12:49","slug":"die-feuerwehrkapelle-amstetten-zu-gast-beim-noise-of-hell-festival","status":"publish","type":"post","link":"https:\/\/fwk-amstetten.de\/wordpress\/?p=128","title":{"rendered":"Die Feuerwehrkapelle Amstetten zu Gast beim Noise of Hell Festival"},"content":{"rendered":"<p><span class=\"s2\"><span class=\"bumpedFont15\">Am Samstag, den 16.06.2018, waren wir der Special Opener beim Noise of Hell Festival in Stubersheim. Das Noise of Hell ist ein Festival, da\u00df von der Band Deitschrogg ins Leben gerufen wurde. In diesem Jahr fand dies in Stubersheim auf dem Gel\u00e4nde des Sportvereins statt und lockte zu sp\u00e4terer Stunde einige Besucher an. Obwohl zum Auftakt noch wenig G\u00e4ste vor Ort waren, war es trotzdem eine Ehre dort einen Teil beizutragen. Hier auch nochmal ein herzliches Danksch\u00f6n an Manuel Drixler und seine Band, die alles organisiert haben und nat\u00fcrlich an die <\/span><\/span><span class=\"s2\"><span class=\"bumpedFont15\">G\u00e4ste, die bereits mittags vor Ort <\/span><\/span><a name=\"_GoBack\"><\/a><span class=\"s2\"><span class=\"bumpedFont15\">waren.<\/span><\/span><\/p>\n<p><img loading=\"lazy\" decoding=\"async\" class=\"alignleft size-large wp-image-133\" src=\"https:\/\/fwk-amstetten.de\/wordpress\/wp-content\/uploads\/2018\/06\/54972C44-6CC9-477B-801E-5A6BB673C660-1024x768.jpeg\" alt=\"\" width=\"660\" height=\"495\" srcset=\"https:\/\/fwk-amstetten.de\/wordpress\/wp-content\/uploads\/2018\/06\/54972C44-6CC9-477B-801E-5A6BB673C660-1024x768.jpeg 1024w, https:\/\/fwk-amstetten.de\/wordpress\/wp-content\/uploads\/2018\/06\/54972C44-6CC9-477B-801E-5A6BB673C660-300x225.jpeg 300w, https:\/\/fwk-amstetten.de\/wordpress\/wp-content\/uploads\/2018\/06\/54972C44-6CC9-477B-801E-5A6BB673C660-768x576.jpeg 768w, https:\/\/fwk-amstetten.de\/wordpress\/wp-content\/uploads\/2018\/06\/54972C44-6CC9-477B-801E-5A6BB673C660.jpeg 1600w\" sizes=\"auto, (max-width: 660px) 100vw, 660px\" \/><\/p>\n","protected":false},"excerpt":{"rendered":"<p>Am Samstag, den 16.06.2018, waren wir der Special Opener beim Noise of Hell Festival in Stubersheim. Das Noise of Hell ist ein Festival, da\u00df von der Band Deitschrogg ins Leben gerufen wurde. In diesem Jahr fand dies in Stubersheim auf dem Gel\u00e4nde des Sportvereins statt und lockte zu sp\u00e4terer Stunde einige Besucher an. Obwohl zum &hellip; <a href=\"https:\/\/fwk-amstetten.de\/wordpress\/?p=128\" class=\"more-link\"><span class=\"screen-reader-text\">Die Feuerwehrkapelle Amstetten zu Gast beim Noise of Hell Festival<\/span> weiterlesen<\/a><\/p>\n","protected":false},"author":1,"featured_media":0,"comment_status":"closed","ping_status":"closed","sticky":false,"template":"","format":"standard","meta":{"footnotes":""},"categories":[1],"tags":[],"class_list":["post-128","post","type-post","status-publish","format-standard","hentry","category-uncategorized"],"_links":{"self":[{"href":"https:\/\/fwk-amstetten.de\/wordpress\/index.php?rest_route=\/wp\/v2\/posts\/128","targetHints":{"allow":["GET"]}}],"collection":[{"href":"https:\/\/fwk-amstetten.de\/wordpress\/index.php?rest_route=\/wp\/v2\/posts"}],"about":[{"href":"https:\/\/fwk-amstetten.de\/wordpress\/index.php?rest_route=\/wp\/v2\/types\/post"}],"author":[{"embeddable":true,"href":"https:\/\/fwk-amstetten.de\/wordpress\/index.php?rest_route=\/wp\/v2\/users\/1"}],"replies":[{"embeddable":true,"href":"https:\/\/fwk-amstetten.de\/wordpress\/index.php?rest_route=%2Fwp%2Fv2%2Fcomments&post=128"}],"version-history":[{"count":4,"href":"https:\/\/fwk-amstetten.de\/wordpress\/index.php?rest_route=\/wp\/v2\/posts\/128\/revisions"}],"predecessor-version":[{"id":137,"href":"https:\/\/fwk-amstetten.de\/wordpress\/index.php?rest_route=\/wp\/v2\/posts\/128\/revisions\/137"}],"wp:attachment":[{"href":"https:\/\/fwk-amstetten.de\/wordpress\/index.php?rest_route=%2Fwp%2Fv2%2Fmedia&parent=128"}],"wp:term":[{"taxonomy":"category","embeddable":true,"href":"https:\/\/fwk-amstetten.de\/wordpress\/index.php?rest_route=%2Fwp%2Fv2%2Fcategories&post=128"},{"taxonomy":"post_tag","embeddable":true,"href":"https:\/\/fwk-amstetten.de\/wordpress\/index.php?rest_route=%2Fwp%2Fv2%2Ftags&post=128"}],"curies":[{"name":"wp","href":"https:\/\/api.w.org\/{rel}","templated":true}]}}