{"id":108,"date":"2018-04-29T14:52:00","date_gmt":"2018-04-29T13:52:00","guid":{"rendered":"http:\/\/fwk-amstetten.de\/wordpress\/?p=108"},"modified":"2018-04-30T20:11:06","modified_gmt":"2018-04-30T19:11:06","slug":"konzertbericht-2018-der-feuerwehrkapelle","status":"publish","type":"post","link":"https:\/\/fwk-amstetten.de\/wordpress\/?p=108","title":{"rendered":"Konzertbericht 2018 der Feuerwehrkapelle"},"content":{"rendered":"<p>Sooo nach dem wir uns jetzt schon eine ganze Weile nicht mehr gemeldet haben bekommt ihr daf\u00fcr jetzt direkt noch 2 Berichte <span class=\"_47e3 _5mfr\" title=\"\u201esmile\u201c-Emoticon\"><img loading=\"lazy\" decoding=\"async\" class=\"img\" role=\"presentation\" src=\"https:\/\/static.xx.fbcdn.net\/images\/emoji.php\/v9\/f4c\/1\/16\/1f642.png\" alt=\"\" width=\"16\" height=\"16\" \/><span class=\"_7oe\" aria-hidden=\"true\">\ud83d\ude42<\/span><\/span><\/p>\n<p>Das Fr\u00fchjahreskonzert der Feuerwehrkapelle<br \/>\nAm Samstag, den 14.04.2018, um 18.30 Uhr \u00f6ffneten sich wieder einmal die T\u00fcren des Hofstetter Gemeinschaftshauses. Wir luden ein zum \u201eBest of 10 Jahre Harry Zimmermann\u201c. Bereits im letzten Jahr hatten wir das Vergn\u00fcgen unsere Jungmusiker vorzustellen. Auch in diesem Jahr brachten Jule, Jonas, Felix, Paul, Jo<span class=\"text_exposed_show\">hannes und Philipp ordentlich Stimmung und spielten im Anschluss an ihre Solovortr\u00e4ge sogar noch das Auftaktst\u00fcck gemeinsam mit den Aktiven mit. Dieses Konzert war wohl bemerkt eine richtige Gaudi. Sowohl die Musiker als auch das Publikum wurden bestens unterhalten und hatten einen tollen Abend. Von Beginn an war eine tolle Stimmung im Gemeinschaftshaus in Hofstett- Emerbuch, die dann durch die musikalischen Klangwelten von Konzertant, Filmmusik \u00fcber Swing bis hin zur Polka jeden mitriss. Jeder einzelne im Saal kam an diesem Abend auf seine Kosten. Wir verabschiedeten unsvon der B\u00fchne mit zwei Zugaben und der Barer\u00f6ffnung, die wie in den vergangenen Jahren gut besucht wurde. Wir bedanken uns bei allen Mitgliedern, G\u00f6nnern und vor allem bei den Besuchern, die dieses Konzert unvergessen gemacht haben.<\/span><\/p>\n<p><span class=\"text_exposed_show\"><img loading=\"lazy\" decoding=\"async\" class=\"alignleft size-large wp-image-112\" src=\"https:\/\/fwk-amstetten.de\/wordpress\/wp-content\/uploads\/2018\/04\/CIMG1613-1024x768.jpg\" alt=\"\" width=\"660\" height=\"495\" srcset=\"https:\/\/fwk-amstetten.de\/wordpress\/wp-content\/uploads\/2018\/04\/CIMG1613-1024x768.jpg 1024w, https:\/\/fwk-amstetten.de\/wordpress\/wp-content\/uploads\/2018\/04\/CIMG1613-300x225.jpg 300w, https:\/\/fwk-amstetten.de\/wordpress\/wp-content\/uploads\/2018\/04\/CIMG1613-768x576.jpg 768w\" sizes=\"auto, (max-width: 660px) 100vw, 660px\" \/><br \/>\nDoch als w\u00e4re das Konzert allein nicht schon Ehre genug gewesen, so spielten wir am Montag, den 16.04.2018 direkt noch bei der Amtseinsetzung des neuen B\u00fcrgermeisters Johannes Raab. Zur Auflockerung des Abends wurde uns die Ehre zu teil, immer mal wieder vereinzelte St\u00fccke zwischen den Reden zu spielen. Insgesamt war dies ein sehr festlicher Auftritt bei dem man sich geehrt f\u00fchlen darf, dabei einen Teil beizutragen<\/span><\/p>\n","protected":false},"excerpt":{"rendered":"<p>Sooo nach dem wir uns jetzt schon eine ganze Weile nicht mehr gemeldet haben bekommt ihr daf\u00fcr jetzt direkt noch 2 Berichte \ud83d\ude42 Das Fr\u00fchjahreskonzert der Feuerwehrkapelle Am Samstag, den 14.04.2018, um 18.30 Uhr \u00f6ffneten sich wieder einmal die T\u00fcren des Hofstetter Gemeinschaftshauses. Wir luden ein zum \u201eBest of 10 Jahre Harry Zimmermann\u201c. Bereits im &hellip; <a href=\"https:\/\/fwk-amstetten.de\/wordpress\/?p=108\" class=\"more-link\"><span class=\"screen-reader-text\">Konzertbericht 2018 der Feuerwehrkapelle<\/span> weiterlesen<\/a><\/p>\n","protected":false},"author":1,"featured_media":0,"comment_status":"closed","ping_status":"closed","sticky":false,"template":"","format":"standard","meta":{"footnotes":""},"categories":[1],"tags":[],"class_list":["post-108","post","type-post","status-publish","format-standard","hentry","category-uncategorized"],"_links":{"self":[{"href":"https:\/\/fwk-amstetten.de\/wordpress\/index.php?rest_route=\/wp\/v2\/posts\/108","targetHints":{"allow":["GET"]}}],"collection":[{"href":"https:\/\/fwk-amstetten.de\/wordpress\/index.php?rest_route=\/wp\/v2\/posts"}],"about":[{"href":"https:\/\/fwk-amstetten.de\/wordpress\/index.php?rest_route=\/wp\/v2\/types\/post"}],"author":[{"embeddable":true,"href":"https:\/\/fwk-amstetten.de\/wordpress\/index.php?rest_route=\/wp\/v2\/users\/1"}],"replies":[{"embeddable":true,"href":"https:\/\/fwk-amstetten.de\/wordpress\/index.php?rest_route=%2Fwp%2Fv2%2Fcomments&post=108"}],"version-history":[{"count":3,"href":"https:\/\/fwk-amstetten.de\/wordpress\/index.php?rest_route=\/wp\/v2\/posts\/108\/revisions"}],"predecessor-version":[{"id":113,"href":"https:\/\/fwk-amstetten.de\/wordpress\/index.php?rest_route=\/wp\/v2\/posts\/108\/revisions\/113"}],"wp:attachment":[{"href":"https:\/\/fwk-amstetten.de\/wordpress\/index.php?rest_route=%2Fwp%2Fv2%2Fmedia&parent=108"}],"wp:term":[{"taxonomy":"category","embeddable":true,"href":"https:\/\/fwk-amstetten.de\/wordpress\/index.php?rest_route=%2Fwp%2Fv2%2Fcategories&post=108"},{"taxonomy":"post_tag","embeddable":true,"href":"https:\/\/fwk-amstetten.de\/wordpress\/index.php?rest_route=%2Fwp%2Fv2%2Ftags&post=108"}],"curies":[{"name":"wp","href":"https:\/\/api.w.org\/{rel}","templated":true}]}}