{"id":101,"date":"2018-03-17T12:38:17","date_gmt":"2018-03-17T11:38:17","guid":{"rendered":"http:\/\/fwk-amstetten.de\/wordpress\/?p=101"},"modified":"2018-03-17T12:38:17","modified_gmt":"2018-03-17T11:38:17","slug":"konzert-der-feuerwehrkapelle-am-14-04-2018","status":"publish","type":"post","link":"https:\/\/fwk-amstetten.de\/wordpress\/?p=101","title":{"rendered":"Konzert der Feuerwehrkapelle am 14.04.2018"},"content":{"rendered":"<p>Auch in diesem Jahr veranstaltet die Feuerwehrkapelle Amstetten ihr traditionelles Fr\u00fchjahrskonzert im Gemeinschaftshaus in Hofstett. Hierzu m\u00f6chten wir alle Freunde der modernen und volkst\u00fcmlichen Blasmusik herzlich einladen.<br \/>\nDas diesj\u00e4hrigen Konzert steht unter dem Motto:<br \/>\n&#8222;The best of 10-Jahre Harry Zimmermann&#8220;. Eine Reise durch die letzten 10 Jahre der Feuerwehrkapelle Amstetten mit dem Dirigenten Harry Zimmermann.<\/p>\n<p>Ein weiteres Highlight ist der gemeinsame Auftritt der Jugendausbildung zusammen mit der Feuerwehrkapelle und die Solo Vortr\u00e4ge der einzelnen Musiksch\u00fcler.<\/p>\n<p>Das Konzert findet am 14.04.2018 ab 19:30 Uhr statt. Hallen\u00f6ffnung ist bereits um 18:30 Uhr. F\u00fcr das leibliche Wohl ist gesorgt.<\/p>\n<p><img loading=\"lazy\" decoding=\"async\" class=\"alignleft size-large wp-image-102\" src=\"https:\/\/fwk-amstetten.de\/wordpress\/wp-content\/uploads\/2018\/03\/Fr\u00fchjahr_2018-731x1024.jpg\" alt=\"\" width=\"660\" height=\"925\" srcset=\"https:\/\/fwk-amstetten.de\/wordpress\/wp-content\/uploads\/2018\/03\/Fr\u00fchjahr_2018-731x1024.jpg 731w, https:\/\/fwk-amstetten.de\/wordpress\/wp-content\/uploads\/2018\/03\/Fr\u00fchjahr_2018-214x300.jpg 214w, https:\/\/fwk-amstetten.de\/wordpress\/wp-content\/uploads\/2018\/03\/Fr\u00fchjahr_2018-768x1075.jpg 768w\" sizes=\"auto, (max-width: 660px) 100vw, 660px\" \/><\/p>\n","protected":false},"excerpt":{"rendered":"<p>Auch in diesem Jahr veranstaltet die Feuerwehrkapelle Amstetten ihr traditionelles Fr\u00fchjahrskonzert im Gemeinschaftshaus in Hofstett. Hierzu m\u00f6chten wir alle Freunde der modernen und volkst\u00fcmlichen Blasmusik herzlich einladen. Das diesj\u00e4hrigen Konzert steht unter dem Motto: &#8222;The best of 10-Jahre Harry Zimmermann&#8220;. Eine Reise durch die letzten 10 Jahre der Feuerwehrkapelle Amstetten mit dem Dirigenten Harry Zimmermann. &hellip; <a href=\"https:\/\/fwk-amstetten.de\/wordpress\/?p=101\" class=\"more-link\"><span class=\"screen-reader-text\">Konzert der Feuerwehrkapelle am 14.04.2018<\/span> weiterlesen<\/a><\/p>\n","protected":false},"author":1,"featured_media":0,"comment_status":"closed","ping_status":"closed","sticky":false,"template":"","format":"standard","meta":{"footnotes":""},"categories":[1],"tags":[],"class_list":["post-101","post","type-post","status-publish","format-standard","hentry","category-uncategorized"],"_links":{"self":[{"href":"https:\/\/fwk-amstetten.de\/wordpress\/index.php?rest_route=\/wp\/v2\/posts\/101","targetHints":{"allow":["GET"]}}],"collection":[{"href":"https:\/\/fwk-amstetten.de\/wordpress\/index.php?rest_route=\/wp\/v2\/posts"}],"about":[{"href":"https:\/\/fwk-amstetten.de\/wordpress\/index.php?rest_route=\/wp\/v2\/types\/post"}],"author":[{"embeddable":true,"href":"https:\/\/fwk-amstetten.de\/wordpress\/index.php?rest_route=\/wp\/v2\/users\/1"}],"replies":[{"embeddable":true,"href":"https:\/\/fwk-amstetten.de\/wordpress\/index.php?rest_route=%2Fwp%2Fv2%2Fcomments&post=101"}],"version-history":[{"count":1,"href":"https:\/\/fwk-amstetten.de\/wordpress\/index.php?rest_route=\/wp\/v2\/posts\/101\/revisions"}],"predecessor-version":[{"id":103,"href":"https:\/\/fwk-amstetten.de\/wordpress\/index.php?rest_route=\/wp\/v2\/posts\/101\/revisions\/103"}],"wp:attachment":[{"href":"https:\/\/fwk-amstetten.de\/wordpress\/index.php?rest_route=%2Fwp%2Fv2%2Fmedia&parent=101"}],"wp:term":[{"taxonomy":"category","embeddable":true,"href":"https:\/\/fwk-amstetten.de\/wordpress\/index.php?rest_route=%2Fwp%2Fv2%2Fcategories&post=101"},{"taxonomy":"post_tag","embeddable":true,"href":"https:\/\/fwk-amstetten.de\/wordpress\/index.php?rest_route=%2Fwp%2Fv2%2Ftags&post=101"}],"curies":[{"name":"wp","href":"https:\/\/api.w.org\/{rel}","templated":true}]}}