{"id":1,"date":"2018-01-14T03:48:21","date_gmt":"2018-01-14T02:48:21","guid":{"rendered":"http:\/\/fwk-amstetten.de\/wordpress\/?p=1"},"modified":"2018-02-04T15:16:19","modified_gmt":"2018-02-04T14:16:19","slug":"hello-world","status":"publish","type":"post","link":"https:\/\/fwk-amstetten.de\/wordpress\/?p=1","title":{"rendered":"Hauptversammlung"},"content":{"rendered":"<p>Am 12. Januar fand die Hauptversammlung der Feuerwehrkapelle Amstetten in der Florianstube statt. Bei der Versammlung wurde die Abteilungsleitung einstimmig entlastet.<br \/>\nBei den Wahlen konnten alle \u00c4mter Satzungsgem\u00fc\u00df besetzt werden.<\/p>\n","protected":false},"excerpt":{"rendered":"<p>Am 12. Januar fand die Hauptversammlung der Feuerwehrkapelle Amstetten in der Florianstube statt. Bei der Versammlung wurde die Abteilungsleitung einstimmig entlastet. Bei den Wahlen konnten alle \u00c4mter Satzungsgem\u00fc\u00df besetzt werden.<\/p>\n","protected":false},"author":1,"featured_media":0,"comment_status":"open","ping_status":"closed","sticky":false,"template":"","format":"standard","meta":{"footnotes":""},"categories":[1],"tags":[],"class_list":["post-1","post","type-post","status-publish","format-standard","hentry","category-uncategorized"],"_links":{"self":[{"href":"https:\/\/fwk-amstetten.de\/wordpress\/index.php?rest_route=\/wp\/v2\/posts\/1","targetHints":{"allow":["GET"]}}],"collection":[{"href":"https:\/\/fwk-amstetten.de\/wordpress\/index.php?rest_route=\/wp\/v2\/posts"}],"about":[{"href":"https:\/\/fwk-amstetten.de\/wordpress\/index.php?rest_route=\/wp\/v2\/types\/post"}],"author":[{"embeddable":true,"href":"https:\/\/fwk-amstetten.de\/wordpress\/index.php?rest_route=\/wp\/v2\/users\/1"}],"replies":[{"embeddable":true,"href":"https:\/\/fwk-amstetten.de\/wordpress\/index.php?rest_route=%2Fwp%2Fv2%2Fcomments&post=1"}],"version-history":[{"count":1,"href":"https:\/\/fwk-amstetten.de\/wordpress\/index.php?rest_route=\/wp\/v2\/posts\/1\/revisions"}],"predecessor-version":[{"id":24,"href":"https:\/\/fwk-amstetten.de\/wordpress\/index.php?rest_route=\/wp\/v2\/posts\/1\/revisions\/24"}],"wp:attachment":[{"href":"https:\/\/fwk-amstetten.de\/wordpress\/index.php?rest_route=%2Fwp%2Fv2%2Fmedia&parent=1"}],"wp:term":[{"taxonomy":"category","embeddable":true,"href":"https:\/\/fwk-amstetten.de\/wordpress\/index.php?rest_route=%2Fwp%2Fv2%2Fcategories&post=1"},{"taxonomy":"post_tag","embeddable":true,"href":"https:\/\/fwk-amstetten.de\/wordpress\/index.php?rest_route=%2Fwp%2Fv2%2Ftags&post=1"}],"curies":[{"name":"wp","href":"https:\/\/api.w.org\/{rel}","templated":true}]}}